{"id":4550,"date":"2026-01-26T14:30:46","date_gmt":"2026-01-26T14:30:46","guid":{"rendered":"https:\/\/move-smart.ch\/coup-denvoi-de-movesmart-nouvelle-initiative-decernant-un-certificat-pour-promouvoir-une-mobilite-dentreprise-plus-durable\/"},"modified":"2026-01-23T14:15:57","modified_gmt":"2026-01-23T14:15:57","slug":"coup-denvoi-de-movesmart-nouvelle-initiative-decernant-un-certificat-pour-promouvoir-une-mobilite-dentreprise-plus-durable","status":"publish","type":"post","link":"https:\/\/move-smart.ch\/fr\/coup-denvoi-de-movesmart-nouvelle-initiative-decernant-un-certificat-pour-promouvoir-une-mobilite-dentreprise-plus-durable\/","title":{"rendered":"Coup d\u2019envoi de MoveSmart, nouvelle initiative d\u00e9cernant un certificat pour promouvoir une mobilit\u00e9 d\u2019entreprise plus durable"},"content":{"rendered":"\n<p><strong>Le lancement officiel de l\u2019initiative MoveSmart a lieu aujourd\u2019hui \u00e0 Berne. MoveSmart aide les entreprises \u00e0 organiser la mobilit\u00e9 de leur personnel pour qu\u2019elle soit plus durable: les entreprises qui y participent s\u2019engagent \u00e0 appliquer des mesures cibl\u00e9es au cours d\u2019une p\u00e9riode d\u00e9termin\u00e9e. Leurs efforts sont ensuite r\u00e9compens\u00e9s par un label. Treize entreprises, qui totalisent plus de 100\u202f000\u202fcollaboratrices et collaborateurs, ont d\u00e9j\u00e0 sign\u00e9 la charte de MoveSmart avant le lancement officiel de l\u2019initiative. Elles apportent ainsi leur pierre \u00e0 l\u2019\u00e9difice pour qu\u2019une mobilit\u00e9 d\u2019entreprise qui soit durable devienne la norme.   <\/strong> <\/p>\n\n<div class=\"wp-block-file\"><a id=\"wp-block-file--media-a51649e0-68b2-43d0-92f7-b9c49d7824f4\" href=\"https:\/\/move-smart.ch\/wp-content\/uploads\/2026\/01\/Medienmitteilung_Lancierung_MoveSmart_ohneSperrfrist_Digital_DE.pdf\">Medienmitteilung_Lancierung_MoveSmart__FR<\/a><a href=\"https:\/\/move-smart.ch\/wp-content\/uploads\/2026\/01\/Medienmitteilung_Lancierung_MoveSmart_ohneSperrfrist_Digital_DE.pdf\" class=\"wp-block-file__button wp-element-button\" download=\"\" aria-describedby=\"wp-block-file--media-a51649e0-68b2-43d0-92f7-b9c49d7824f4\">t\u00e9l\u00e9charger<\/a><\/div>\n\n<p><\/p>\n","protected":false},"excerpt":{"rendered":"<p>Le lancement officiel de l\u2019initiative MoveSmart a lieu aujourd\u2019hui \u00e0 Berne. MoveSmart aide les entreprises \u00e0 organiser la mobilit\u00e9 de leur personnel pour qu\u2019elle soit plus durable: les entreprises qui y participent s\u2019engagent \u00e0 appliquer des mesures cibl\u00e9es au cours d\u2019une p\u00e9riode d\u00e9termin\u00e9e. Leurs efforts sont ensuite r\u00e9compens\u00e9s par un label. Treize entreprises, qui totalisent [&hellip;]<\/p>\n","protected":false},"author":1,"featured_media":4789,"comment_status":"open","ping_status":"open","sticky":false,"template":"","format":"standard","meta":{"footnotes":""},"categories":[10],"tags":[],"class_list":["post-4550","post","type-post","status-publish","format-standard","has-post-thumbnail","hentry","category-non-categorise"],"_links":{"self":[{"href":"https:\/\/move-smart.ch\/fr\/wp-json\/wp\/v2\/posts\/4550","targetHints":{"allow":["GET"]}}],"collection":[{"href":"https:\/\/move-smart.ch\/fr\/wp-json\/wp\/v2\/posts"}],"about":[{"href":"https:\/\/move-smart.ch\/fr\/wp-json\/wp\/v2\/types\/post"}],"author":[{"embeddable":true,"href":"https:\/\/move-smart.ch\/fr\/wp-json\/wp\/v2\/users\/1"}],"replies":[{"embeddable":true,"href":"https:\/\/move-smart.ch\/fr\/wp-json\/wp\/v2\/comments?post=4550"}],"version-history":[{"count":1,"href":"https:\/\/move-smart.ch\/fr\/wp-json\/wp\/v2\/posts\/4550\/revisions"}],"predecessor-version":[{"id":4553,"href":"https:\/\/move-smart.ch\/fr\/wp-json\/wp\/v2\/posts\/4550\/revisions\/4553"}],"wp:featuredmedia":[{"embeddable":true,"href":"https:\/\/move-smart.ch\/fr\/wp-json\/wp\/v2\/media\/4789"}],"wp:attachment":[{"href":"https:\/\/move-smart.ch\/fr\/wp-json\/wp\/v2\/media?parent=4550"}],"wp:term":[{"taxonomy":"category","embeddable":true,"href":"https:\/\/move-smart.ch\/fr\/wp-json\/wp\/v2\/categories?post=4550"},{"taxonomy":"post_tag","embeddable":true,"href":"https:\/\/move-smart.ch\/fr\/wp-json\/wp\/v2\/tags?post=4550"}],"curies":[{"name":"wp","href":"https:\/\/api.w.org\/{rel}","templated":true}]}}